{"id":26037,"date":"2026-02-24T09:53:34","date_gmt":"2026-02-24T09:53:34","guid":{"rendered":"https:\/\/www.trailrun.be\/fotoalbum-kluisberg-trail-2026\/"},"modified":"2026-02-24T10:17:03","modified_gmt":"2026-02-24T10:17:03","slug":"fotoalbum-kluisberg-trail-2026","status":"publish","type":"post","link":"https:\/\/www.trailrun.be\/fr\/fotoalbum-kluisberg-trail-2026\/","title":{"rendered":"Album photo Trail Du Mont de l&#8217;Enclus 2026"},"content":{"rendered":"\n<p>Humide, boueux et inoubliable. Le Trail Du Mont de l&#8217;Enclus 2026 avait tous les ingr\u00e9dients d\u2019un v\u00e9ritable classique du trail. La pluie a rendu le parcours \u00e0 Kluisbergen encore plus exigeant, mais les coureurs ne se sont pas laiss\u00e9 intimider. Bien au contraire. Regards d\u00e9termin\u00e9s et \u00e9claboussures de boue jusqu\u2019aux oreilles, ils ont attaqu\u00e9 les mont\u00e9es avec conviction.<\/p>\n\n\n\n<p>Parcourez ci-dessous l\u2019album photo complet et revivez cette \u00e9dition aussi cors\u00e9e que magnifique du Trail Du Mont de l&#8217;Enclus 2026. \ud83d\udcf8\ud83d\udc5f<\/p>\n\n\n\n<h4 class=\"wp-block-heading\"><strong>EN ROUTE VERS LE PROCHAIN D\u00c9FI<\/strong><\/h4>\n\n\n\n<p>Les jambes sont peut-\u00eatre encore fatigu\u00e9es, mais l\u2019esprit est d\u00e9j\u00e0 tourn\u00e9 vers le prochain trail.<br>Quel sera votre prochain d\u00e9fi?<\/p>\n\n\n\n<p><a href=\"https:\/\/www.trailrun.be\/fr\/category\/evenements\/\" type=\"link\" id=\"https:\/\/www.trailrun.be\/fr\/category\/evenements\/\">Consultez notre calendrier des trails<\/a>, choisissez votre prochain \u00e9v\u00e9nement et commencez d\u00e9j\u00e0 le compte \u00e0 rebours. \u26f0\ufe0f\ud83c\udfc3\u200d\u2642\ufe0f<\/p>\n\n\n\n<p><strong>SAVE THE DATE<\/strong> pour la prochaine \u00e9dition du Trail Du Mont de l&#8217;Enclus: 21 f\u00e9vrier 2027 \ud83d\udcc5<\/p>\n\n\nngg_shortcode_0_placeholder\n","protected":false},"excerpt":{"rendered":"<p>Humide, boueux et inoubliable. Le Trail Du Mont de l&#8217;Enclus 2026 avait tous les ingr\u00e9dients d\u2019un v\u00e9ritable classique du trail. La pluie a rendu le parcours \u00e0 Kluisbergen encore plus exigeant, mais les coureurs ne se sont pas laiss\u00e9 intimider. Bien au contraire. Regards d\u00e9termin\u00e9s et \u00e9claboussures de boue jusqu\u2019aux oreilles, ils ont attaqu\u00e9 les [&hellip;]<\/p>\n","protected":false},"author":1,"featured_media":25704,"comment_status":"open","ping_status":"open","sticky":false,"template":"","format":"standard","meta":{"ngg_post_thumbnail":0,"footnotes":"","_links_to":"","_links_to_target":""},"categories":[168,27],"tags":[],"class_list":{"0":"post-26037","1":"post","2":"type-post","3":"status-publish","4":"format-standard","5":"has-post-thumbnail","7":"category-albums-photos","8":"category-non-classifiee"},"yoast_head":"<!-- This site is optimized with the Yoast SEO plugin v27.2 - https:\/\/yoast.com\/product\/yoast-seo-wordpress\/ -->\n<title>Album photo Trail Du Mont de l&#039;Enclus 2026<\/title>\n<meta name=\"description\" content=\"Parcourez ci-dessous l\u2019album photo complet et revivez cette \u00e9dition aussi cors\u00e9e que magnifique du Trail Du Mont de l&#039;Enclus 2026.\" \/>\n<meta name=\"robots\" content=\"index, follow, max-snippet:-1, max-image-preview:large, max-video-preview:-1\" \/>\n<link rel=\"canonical\" href=\"https:\/\/www.trailrun.be\/fr\/fotoalbum-kluisberg-trail-2026\/\" \/>\n<meta property=\"og:locale\" content=\"fr_FR\" \/>\n<meta property=\"og:type\" content=\"article\" \/>\n<meta property=\"og:title\" content=\"Album photo Trail Du Mont de l&#039;Enclus 2026\" \/>\n<meta property=\"og:description\" content=\"Parcourez ci-dessous l\u2019album photo complet et revivez cette \u00e9dition aussi cors\u00e9e que magnifique du Trail Du Mont de l&#039;Enclus 2026.\" \/>\n<meta property=\"og:url\" content=\"https:\/\/www.trailrun.be\/fr\/fotoalbum-kluisberg-trail-2026\/\" \/>\n<meta property=\"og:site_name\" content=\"trailrun.be kalender - running - trailrunning - trailrun\" \/>\n<meta property=\"article:publisher\" content=\"https:\/\/www.facebook.com\/trailrun.be\" \/>\n<meta property=\"article:published_time\" content=\"2026-02-24T09:53:34+00:00\" \/>\n<meta property=\"article:modified_time\" content=\"2026-02-24T10:17:03+00:00\" \/>\n<meta property=\"og:image\" content=\"https:\/\/www.trailrun.be\/wp-content\/uploads\/2026\/02\/KluisbergTrail20268549-scaled.jpg\" \/>\n\t<meta property=\"og:image:width\" content=\"2560\" \/>\n\t<meta property=\"og:image:height\" content=\"1707\" \/>\n\t<meta property=\"og:image:type\" content=\"image\/jpeg\" \/>\n<meta name=\"author\" content=\"Admin\" \/>\n<meta name=\"twitter:card\" content=\"summary_large_image\" \/>\n<meta name=\"twitter:label1\" content=\"\u00c9crit par\" \/>\n\t<meta name=\"twitter:data1\" content=\"Admin\" \/>\n\t<meta name=\"twitter:label2\" content=\"Dur\u00e9e de lecture estim\u00e9e\" \/>\n\t<meta name=\"twitter:data2\" content=\"1 minute\" \/>\n<script type=\"application\/ld+json\" class=\"yoast-schema-graph\">{\"@context\":\"https:\/\/schema.org\",\"@graph\":[{\"@type\":\"Article\",\"@id\":\"https:\/\/www.trailrun.be\/fr\/fotoalbum-kluisberg-trail-2026\/#article\",\"isPartOf\":{\"@id\":\"https:\/\/www.trailrun.be\/fr\/fotoalbum-kluisberg-trail-2026\/\"},\"author\":{\"name\":\"Admin\",\"@id\":\"https:\/\/www.trailrun.be\/#\/schema\/person\/0aeb508235360fcee0ea9312ab2d36e4\"},\"headline\":\"Album photo Trail Du Mont de l&#8217;Enclus 2026\",\"datePublished\":\"2026-02-24T09:53:34+00:00\",\"dateModified\":\"2026-02-24T10:17:03+00:00\",\"mainEntityOfPage\":{\"@id\":\"https:\/\/www.trailrun.be\/fr\/fotoalbum-kluisberg-trail-2026\/\"},\"wordCount\":161,\"commentCount\":0,\"publisher\":{\"@id\":\"https:\/\/www.trailrun.be\/#organization\"},\"image\":{\"@id\":\"https:\/\/www.trailrun.be\/fr\/fotoalbum-kluisberg-trail-2026\/#primaryimage\"},\"thumbnailUrl\":\"https:\/\/www.trailrun.be\/wp-content\/uploads\/2026\/02\/KluisbergTrail20268549-scaled.jpg\",\"articleSection\":[\"Albums Photos\",\"Non classifi\u00e9(e)\"],\"inLanguage\":\"fr-FR\",\"potentialAction\":[{\"@type\":\"CommentAction\",\"name\":\"Comment\",\"target\":[\"https:\/\/www.trailrun.be\/fr\/fotoalbum-kluisberg-trail-2026\/#respond\"]}]},{\"@type\":\"WebPage\",\"@id\":\"https:\/\/www.trailrun.be\/fr\/fotoalbum-kluisberg-trail-2026\/\",\"url\":\"https:\/\/www.trailrun.be\/fr\/fotoalbum-kluisberg-trail-2026\/\",\"name\":\"Album photo Trail Du Mont de l'Enclus 2026\",\"isPartOf\":{\"@id\":\"https:\/\/www.trailrun.be\/#website\"},\"primaryImageOfPage\":{\"@id\":\"https:\/\/www.trailrun.be\/fr\/fotoalbum-kluisberg-trail-2026\/#primaryimage\"},\"image\":{\"@id\":\"https:\/\/www.trailrun.be\/fr\/fotoalbum-kluisberg-trail-2026\/#primaryimage\"},\"thumbnailUrl\":\"https:\/\/www.trailrun.be\/wp-content\/uploads\/2026\/02\/KluisbergTrail20268549-scaled.jpg\",\"datePublished\":\"2026-02-24T09:53:34+00:00\",\"dateModified\":\"2026-02-24T10:17:03+00:00\",\"description\":\"Parcourez ci-dessous l\u2019album photo complet et revivez cette \u00e9dition aussi cors\u00e9e que magnifique du Trail Du Mont de l'Enclus 2026.\",\"breadcrumb\":{\"@id\":\"https:\/\/www.trailrun.be\/fr\/fotoalbum-kluisberg-trail-2026\/#breadcrumb\"},\"inLanguage\":\"fr-FR\",\"potentialAction\":[{\"@type\":\"ReadAction\",\"target\":[\"https:\/\/www.trailrun.be\/fr\/fotoalbum-kluisberg-trail-2026\/\"]}]},{\"@type\":\"ImageObject\",\"inLanguage\":\"fr-FR\",\"@id\":\"https:\/\/www.trailrun.be\/fr\/fotoalbum-kluisberg-trail-2026\/#primaryimage\",\"url\":\"https:\/\/www.trailrun.be\/wp-content\/uploads\/2026\/02\/KluisbergTrail20268549-scaled.jpg\",\"contentUrl\":\"https:\/\/www.trailrun.be\/wp-content\/uploads\/2026\/02\/KluisbergTrail20268549-scaled.jpg\",\"width\":2560,\"height\":1707},{\"@type\":\"BreadcrumbList\",\"@id\":\"https:\/\/www.trailrun.be\/fr\/fotoalbum-kluisberg-trail-2026\/#breadcrumb\",\"itemListElement\":[{\"@type\":\"ListItem\",\"position\":1,\"name\":\"Home\",\"item\":\"https:\/\/www.trailrun.be\/fr\/\"},{\"@type\":\"ListItem\",\"position\":2,\"name\":\"Album photo Trail Du Mont de l&#8217;Enclus 2026\"}]},{\"@type\":\"WebSite\",\"@id\":\"https:\/\/www.trailrun.be\/#website\",\"url\":\"https:\/\/www.trailrun.be\/\",\"name\":\"trailrun.be\",\"description\":\"trailrunning kalender\",\"publisher\":{\"@id\":\"https:\/\/www.trailrun.be\/#organization\"},\"potentialAction\":[{\"@type\":\"SearchAction\",\"target\":{\"@type\":\"EntryPoint\",\"urlTemplate\":\"https:\/\/www.trailrun.be\/?s={search_term_string}\"},\"query-input\":{\"@type\":\"PropertyValueSpecification\",\"valueRequired\":true,\"valueName\":\"search_term_string\"}}],\"inLanguage\":\"fr-FR\"},{\"@type\":\"Organization\",\"@id\":\"https:\/\/www.trailrun.be\/#organization\",\"name\":\"trailrun.be\",\"url\":\"https:\/\/www.trailrun.be\/\",\"logo\":{\"@type\":\"ImageObject\",\"inLanguage\":\"fr-FR\",\"@id\":\"https:\/\/www.trailrun.be\/#\/schema\/logo\/image\/\",\"url\":\"https:\/\/www.trailrun.be\/wp-content\/uploads\/2023\/10\/Schermafbeelding-2023-10-13-om-09.20.27.png\",\"contentUrl\":\"https:\/\/www.trailrun.be\/wp-content\/uploads\/2023\/10\/Schermafbeelding-2023-10-13-om-09.20.27.png\",\"width\":470,\"height\":172,\"caption\":\"trailrun.be\"},\"image\":{\"@id\":\"https:\/\/www.trailrun.be\/#\/schema\/logo\/image\/\"},\"sameAs\":[\"https:\/\/www.facebook.com\/trailrun.be\"]},{\"@type\":\"Person\",\"@id\":\"https:\/\/www.trailrun.be\/#\/schema\/person\/0aeb508235360fcee0ea9312ab2d36e4\",\"name\":\"Admin\",\"image\":{\"@type\":\"ImageObject\",\"inLanguage\":\"fr-FR\",\"@id\":\"https:\/\/secure.gravatar.com\/avatar\/d6e198377552051ee69f412b811ecfdc4726d1155c0be67e8c4e427cce8ad00e?s=96&d=mm&r=g\",\"url\":\"https:\/\/secure.gravatar.com\/avatar\/d6e198377552051ee69f412b811ecfdc4726d1155c0be67e8c4e427cce8ad00e?s=96&d=mm&r=g\",\"contentUrl\":\"https:\/\/secure.gravatar.com\/avatar\/d6e198377552051ee69f412b811ecfdc4726d1155c0be67e8c4e427cce8ad00e?s=96&d=mm&r=g\",\"caption\":\"Admin\"},\"sameAs\":[\"https:\/\/www.trailrun.be\"],\"url\":\"https:\/\/www.trailrun.be\/fr\/author\/admin\/\"}]}<\/script>\n<!-- \/ Yoast SEO plugin. -->","yoast_head_json":{"title":"Album photo Trail Du Mont de l'Enclus 2026","description":"Parcourez ci-dessous l\u2019album photo complet et revivez cette \u00e9dition aussi cors\u00e9e que magnifique du Trail Du Mont de l'Enclus 2026.","robots":{"index":"index","follow":"follow","max-snippet":"max-snippet:-1","max-image-preview":"max-image-preview:large","max-video-preview":"max-video-preview:-1"},"canonical":"https:\/\/www.trailrun.be\/fr\/fotoalbum-kluisberg-trail-2026\/","og_locale":"fr_FR","og_type":"article","og_title":"Album photo Trail Du Mont de l'Enclus 2026","og_description":"Parcourez ci-dessous l\u2019album photo complet et revivez cette \u00e9dition aussi cors\u00e9e que magnifique du Trail Du Mont de l'Enclus 2026.","og_url":"https:\/\/www.trailrun.be\/fr\/fotoalbum-kluisberg-trail-2026\/","og_site_name":"trailrun.be kalender - running - trailrunning - trailrun","article_publisher":"https:\/\/www.facebook.com\/trailrun.be","article_published_time":"2026-02-24T09:53:34+00:00","article_modified_time":"2026-02-24T10:17:03+00:00","og_image":[{"width":2560,"height":1707,"url":"https:\/\/www.trailrun.be\/wp-content\/uploads\/2026\/02\/KluisbergTrail20268549-scaled.jpg","type":"image\/jpeg"}],"author":"Admin","twitter_card":"summary_large_image","twitter_misc":{"\u00c9crit par":"Admin","Dur\u00e9e de lecture estim\u00e9e":"1 minute"},"schema":{"@context":"https:\/\/schema.org","@graph":[{"@type":"Article","@id":"https:\/\/www.trailrun.be\/fr\/fotoalbum-kluisberg-trail-2026\/#article","isPartOf":{"@id":"https:\/\/www.trailrun.be\/fr\/fotoalbum-kluisberg-trail-2026\/"},"author":{"name":"Admin","@id":"https:\/\/www.trailrun.be\/#\/schema\/person\/0aeb508235360fcee0ea9312ab2d36e4"},"headline":"Album photo Trail Du Mont de l&#8217;Enclus 2026","datePublished":"2026-02-24T09:53:34+00:00","dateModified":"2026-02-24T10:17:03+00:00","mainEntityOfPage":{"@id":"https:\/\/www.trailrun.be\/fr\/fotoalbum-kluisberg-trail-2026\/"},"wordCount":161,"commentCount":0,"publisher":{"@id":"https:\/\/www.trailrun.be\/#organization"},"image":{"@id":"https:\/\/www.trailrun.be\/fr\/fotoalbum-kluisberg-trail-2026\/#primaryimage"},"thumbnailUrl":"https:\/\/www.trailrun.be\/wp-content\/uploads\/2026\/02\/KluisbergTrail20268549-scaled.jpg","articleSection":["Albums Photos","Non classifi\u00e9(e)"],"inLanguage":"fr-FR","potentialAction":[{"@type":"CommentAction","name":"Comment","target":["https:\/\/www.trailrun.be\/fr\/fotoalbum-kluisberg-trail-2026\/#respond"]}]},{"@type":"WebPage","@id":"https:\/\/www.trailrun.be\/fr\/fotoalbum-kluisberg-trail-2026\/","url":"https:\/\/www.trailrun.be\/fr\/fotoalbum-kluisberg-trail-2026\/","name":"Album photo Trail Du Mont de l'Enclus 2026","isPartOf":{"@id":"https:\/\/www.trailrun.be\/#website"},"primaryImageOfPage":{"@id":"https:\/\/www.trailrun.be\/fr\/fotoalbum-kluisberg-trail-2026\/#primaryimage"},"image":{"@id":"https:\/\/www.trailrun.be\/fr\/fotoalbum-kluisberg-trail-2026\/#primaryimage"},"thumbnailUrl":"https:\/\/www.trailrun.be\/wp-content\/uploads\/2026\/02\/KluisbergTrail20268549-scaled.jpg","datePublished":"2026-02-24T09:53:34+00:00","dateModified":"2026-02-24T10:17:03+00:00","description":"Parcourez ci-dessous l\u2019album photo complet et revivez cette \u00e9dition aussi cors\u00e9e que magnifique du Trail Du Mont de l'Enclus 2026.","breadcrumb":{"@id":"https:\/\/www.trailrun.be\/fr\/fotoalbum-kluisberg-trail-2026\/#breadcrumb"},"inLanguage":"fr-FR","potentialAction":[{"@type":"ReadAction","target":["https:\/\/www.trailrun.be\/fr\/fotoalbum-kluisberg-trail-2026\/"]}]},{"@type":"ImageObject","inLanguage":"fr-FR","@id":"https:\/\/www.trailrun.be\/fr\/fotoalbum-kluisberg-trail-2026\/#primaryimage","url":"https:\/\/www.trailrun.be\/wp-content\/uploads\/2026\/02\/KluisbergTrail20268549-scaled.jpg","contentUrl":"https:\/\/www.trailrun.be\/wp-content\/uploads\/2026\/02\/KluisbergTrail20268549-scaled.jpg","width":2560,"height":1707},{"@type":"BreadcrumbList","@id":"https:\/\/www.trailrun.be\/fr\/fotoalbum-kluisberg-trail-2026\/#breadcrumb","itemListElement":[{"@type":"ListItem","position":1,"name":"Home","item":"https:\/\/www.trailrun.be\/fr\/"},{"@type":"ListItem","position":2,"name":"Album photo Trail Du Mont de l&#8217;Enclus 2026"}]},{"@type":"WebSite","@id":"https:\/\/www.trailrun.be\/#website","url":"https:\/\/www.trailrun.be\/","name":"trailrun.be","description":"trailrunning kalender","publisher":{"@id":"https:\/\/www.trailrun.be\/#organization"},"potentialAction":[{"@type":"SearchAction","target":{"@type":"EntryPoint","urlTemplate":"https:\/\/www.trailrun.be\/?s={search_term_string}"},"query-input":{"@type":"PropertyValueSpecification","valueRequired":true,"valueName":"search_term_string"}}],"inLanguage":"fr-FR"},{"@type":"Organization","@id":"https:\/\/www.trailrun.be\/#organization","name":"trailrun.be","url":"https:\/\/www.trailrun.be\/","logo":{"@type":"ImageObject","inLanguage":"fr-FR","@id":"https:\/\/www.trailrun.be\/#\/schema\/logo\/image\/","url":"https:\/\/www.trailrun.be\/wp-content\/uploads\/2023\/10\/Schermafbeelding-2023-10-13-om-09.20.27.png","contentUrl":"https:\/\/www.trailrun.be\/wp-content\/uploads\/2023\/10\/Schermafbeelding-2023-10-13-om-09.20.27.png","width":470,"height":172,"caption":"trailrun.be"},"image":{"@id":"https:\/\/www.trailrun.be\/#\/schema\/logo\/image\/"},"sameAs":["https:\/\/www.facebook.com\/trailrun.be"]},{"@type":"Person","@id":"https:\/\/www.trailrun.be\/#\/schema\/person\/0aeb508235360fcee0ea9312ab2d36e4","name":"Admin","image":{"@type":"ImageObject","inLanguage":"fr-FR","@id":"https:\/\/secure.gravatar.com\/avatar\/d6e198377552051ee69f412b811ecfdc4726d1155c0be67e8c4e427cce8ad00e?s=96&d=mm&r=g","url":"https:\/\/secure.gravatar.com\/avatar\/d6e198377552051ee69f412b811ecfdc4726d1155c0be67e8c4e427cce8ad00e?s=96&d=mm&r=g","contentUrl":"https:\/\/secure.gravatar.com\/avatar\/d6e198377552051ee69f412b811ecfdc4726d1155c0be67e8c4e427cce8ad00e?s=96&d=mm&r=g","caption":"Admin"},"sameAs":["https:\/\/www.trailrun.be"],"url":"https:\/\/www.trailrun.be\/fr\/author\/admin\/"}]}},"_links":{"self":[{"href":"https:\/\/www.trailrun.be\/fr\/wp-json\/wp\/v2\/posts\/26037","targetHints":{"allow":["GET"]}}],"collection":[{"href":"https:\/\/www.trailrun.be\/fr\/wp-json\/wp\/v2\/posts"}],"about":[{"href":"https:\/\/www.trailrun.be\/fr\/wp-json\/wp\/v2\/types\/post"}],"author":[{"embeddable":true,"href":"https:\/\/www.trailrun.be\/fr\/wp-json\/wp\/v2\/users\/1"}],"replies":[{"embeddable":true,"href":"https:\/\/www.trailrun.be\/fr\/wp-json\/wp\/v2\/comments?post=26037"}],"version-history":[{"count":2,"href":"https:\/\/www.trailrun.be\/fr\/wp-json\/wp\/v2\/posts\/26037\/revisions"}],"predecessor-version":[{"id":26040,"href":"https:\/\/www.trailrun.be\/fr\/wp-json\/wp\/v2\/posts\/26037\/revisions\/26040"}],"wp:featuredmedia":[{"embeddable":true,"href":"https:\/\/www.trailrun.be\/fr\/wp-json\/wp\/v2\/media\/25704"}],"wp:attachment":[{"href":"https:\/\/www.trailrun.be\/fr\/wp-json\/wp\/v2\/media?parent=26037"}],"wp:term":[{"taxonomy":"category","embeddable":true,"href":"https:\/\/www.trailrun.be\/fr\/wp-json\/wp\/v2\/categories?post=26037"},{"taxonomy":"post_tag","embeddable":true,"href":"https:\/\/www.trailrun.be\/fr\/wp-json\/wp\/v2\/tags?post=26037"}],"curies":[{"name":"wp","href":"https:\/\/api.w.org\/{rel}","templated":true}]}}