{"id":26771,"date":"2026-03-02T11:03:27","date_gmt":"2026-03-02T11:03:27","guid":{"rendered":"https:\/\/www.trailrun.be\/zonovergoten-editie-van-de-druivenmarathon\/"},"modified":"2026-03-03T15:01:55","modified_gmt":"2026-03-03T15:01:55","slug":"zonovergoten-editie-van-de-druivenmarathon","status":"publish","type":"post","link":"https:\/\/www.trailrun.be\/fr\/zonovergoten-editie-van-de-druivenmarathon\/","title":{"rendered":"\u00c9dition ensoleill\u00e9e du Druivenmarathon"},"content":{"rendered":"\n<p>Sous un soleil radieux, le Druivenmarathon a offert aux participants un trail surprenant \u00e0 travers la magnifique Druivenstreek. Le parcours tr\u00e8s vari\u00e9 a apport\u00e9 son lot de d\u00e9fis et de superbes panoramas. Avec Huldenberg comme lieu de d\u00e9part et d\u2019arriv\u00e9e plein d\u2019ambiance. Une tr\u00e8s belle \u00e9dition !<\/p>\n\n\n\n<p><strong><strong>D\u00e9couvrez ici les plus belles photos ! \ud83d\udcf8<\/strong><\/strong><\/p>\n\n\n\n<h4 class=\"wp-block-heading\"><strong>EN ROUTE VERS LE PROCHAIN D\u00c9FI<\/strong><\/h4>\n\n\n\n<p>Les jambes sont peut-\u00eatre encore fatigu\u00e9es, mais l\u2019esprit est d\u00e9j\u00e0 tourn\u00e9 vers le prochain trail.<br>Quel sera votre prochain d\u00e9fi?<\/p>\n\n\n\n<p><a href=\"https:\/\/www.trailrun.be\/fr\/category\/evenements\/\">Consultez notre calendrier des trails<\/a>, choisissez votre prochain \u00e9v\u00e9nement et commencez d\u00e9j\u00e0 le compte \u00e0 rebours.\u00a0<\/p>\n\n\nngg_shortcode_0_placeholder\n","protected":false},"excerpt":{"rendered":"<p>Sous un soleil radieux, le Druivenmarathon a offert aux participants un trail surprenant \u00e0 travers la magnifique Druivenstreek. Le parcours tr\u00e8s vari\u00e9 a apport\u00e9 son lot de d\u00e9fis et de superbes panoramas. Avec Huldenberg comme lieu de d\u00e9part et d\u2019arriv\u00e9e plein d\u2019ambiance. Une tr\u00e8s belle \u00e9dition ! D\u00e9couvrez ici les plus belles photos ! \ud83d\udcf8 [&hellip;]<\/p>\n","protected":false},"author":1,"featured_media":26590,"comment_status":"open","ping_status":"open","sticky":false,"template":"","format":"standard","meta":{"ngg_post_thumbnail":0,"footnotes":"","_links_to":"","_links_to_target":""},"categories":[168],"tags":[],"class_list":{"0":"post-26771","1":"post","2":"type-post","3":"status-publish","4":"format-standard","5":"has-post-thumbnail","7":"category-albums-photos"},"yoast_head":"<!-- This site is optimized with the Yoast SEO plugin v27.2 - https:\/\/yoast.com\/product\/yoast-seo-wordpress\/ -->\n<title>\u00c9dition ensoleill\u00e9e du Druivenmarathon<\/title>\n<meta name=\"robots\" content=\"index, follow, max-snippet:-1, max-image-preview:large, max-video-preview:-1\" \/>\n<link rel=\"canonical\" href=\"https:\/\/www.trailrun.be\/fr\/zonovergoten-editie-van-de-druivenmarathon\/\" \/>\n<meta property=\"og:locale\" content=\"fr_FR\" \/>\n<meta property=\"og:type\" content=\"article\" \/>\n<meta property=\"og:title\" content=\"\u00c9dition ensoleill\u00e9e du Druivenmarathon\" \/>\n<meta property=\"og:description\" content=\"Sous un soleil radieux, le Druivenmarathon a offert aux participants un trail surprenant \u00e0 travers la magnifique Druivenstreek. Le parcours tr\u00e8s vari\u00e9 a apport\u00e9 son lot de d\u00e9fis et de superbes panoramas. Avec Huldenberg comme lieu de d\u00e9part et d\u2019arriv\u00e9e plein d\u2019ambiance. Une tr\u00e8s belle \u00e9dition ! D\u00e9couvrez ici les plus belles photos ! \ud83d\udcf8 [&hellip;]\" \/>\n<meta property=\"og:url\" content=\"https:\/\/www.trailrun.be\/fr\/zonovergoten-editie-van-de-druivenmarathon\/\" \/>\n<meta property=\"og:site_name\" content=\"trailrun.be kalender - running - trailrunning - trailrun\" \/>\n<meta property=\"article:publisher\" content=\"https:\/\/www.facebook.com\/trailrun.be\" \/>\n<meta property=\"article:published_time\" content=\"2026-03-02T11:03:27+00:00\" \/>\n<meta property=\"article:modified_time\" content=\"2026-03-03T15:01:55+00:00\" \/>\n<meta property=\"og:image\" content=\"https:\/\/www.trailrun.be\/wp-content\/uploads\/2026\/03\/SE_DruivenMarathon2026-15-scaled.jpg\" \/>\n\t<meta property=\"og:image:width\" content=\"2560\" \/>\n\t<meta property=\"og:image:height\" content=\"2048\" \/>\n\t<meta property=\"og:image:type\" content=\"image\/jpeg\" \/>\n<meta name=\"author\" content=\"Admin\" \/>\n<meta name=\"twitter:card\" content=\"summary_large_image\" \/>\n<meta name=\"twitter:label1\" content=\"\u00c9crit par\" \/>\n\t<meta name=\"twitter:data1\" content=\"Admin\" \/>\n\t<meta name=\"twitter:label2\" content=\"Dur\u00e9e de lecture estim\u00e9e\" \/>\n\t<meta name=\"twitter:data2\" content=\"1 minute\" \/>\n<script type=\"application\/ld+json\" class=\"yoast-schema-graph\">{\"@context\":\"https:\/\/schema.org\",\"@graph\":[{\"@type\":\"Article\",\"@id\":\"https:\/\/www.trailrun.be\/fr\/zonovergoten-editie-van-de-druivenmarathon\/#article\",\"isPartOf\":{\"@id\":\"https:\/\/www.trailrun.be\/fr\/zonovergoten-editie-van-de-druivenmarathon\/\"},\"author\":{\"name\":\"Admin\",\"@id\":\"https:\/\/www.trailrun.be\/#\/schema\/person\/0aeb508235360fcee0ea9312ab2d36e4\"},\"headline\":\"\u00c9dition ensoleill\u00e9e du Druivenmarathon\",\"datePublished\":\"2026-03-02T11:03:27+00:00\",\"dateModified\":\"2026-03-03T15:01:55+00:00\",\"mainEntityOfPage\":{\"@id\":\"https:\/\/www.trailrun.be\/fr\/zonovergoten-editie-van-de-druivenmarathon\/\"},\"wordCount\":115,\"commentCount\":0,\"publisher\":{\"@id\":\"https:\/\/www.trailrun.be\/#organization\"},\"image\":{\"@id\":\"https:\/\/www.trailrun.be\/fr\/zonovergoten-editie-van-de-druivenmarathon\/#primaryimage\"},\"thumbnailUrl\":\"https:\/\/www.trailrun.be\/wp-content\/uploads\/2026\/03\/SE_DruivenMarathon2026-15-scaled.jpg\",\"articleSection\":[\"Albums Photos\"],\"inLanguage\":\"fr-FR\",\"potentialAction\":[{\"@type\":\"CommentAction\",\"name\":\"Comment\",\"target\":[\"https:\/\/www.trailrun.be\/fr\/zonovergoten-editie-van-de-druivenmarathon\/#respond\"]}]},{\"@type\":\"WebPage\",\"@id\":\"https:\/\/www.trailrun.be\/fr\/zonovergoten-editie-van-de-druivenmarathon\/\",\"url\":\"https:\/\/www.trailrun.be\/fr\/zonovergoten-editie-van-de-druivenmarathon\/\",\"name\":\"\u00c9dition ensoleill\u00e9e du Druivenmarathon\",\"isPartOf\":{\"@id\":\"https:\/\/www.trailrun.be\/#website\"},\"primaryImageOfPage\":{\"@id\":\"https:\/\/www.trailrun.be\/fr\/zonovergoten-editie-van-de-druivenmarathon\/#primaryimage\"},\"image\":{\"@id\":\"https:\/\/www.trailrun.be\/fr\/zonovergoten-editie-van-de-druivenmarathon\/#primaryimage\"},\"thumbnailUrl\":\"https:\/\/www.trailrun.be\/wp-content\/uploads\/2026\/03\/SE_DruivenMarathon2026-15-scaled.jpg\",\"datePublished\":\"2026-03-02T11:03:27+00:00\",\"dateModified\":\"2026-03-03T15:01:55+00:00\",\"breadcrumb\":{\"@id\":\"https:\/\/www.trailrun.be\/fr\/zonovergoten-editie-van-de-druivenmarathon\/#breadcrumb\"},\"inLanguage\":\"fr-FR\",\"potentialAction\":[{\"@type\":\"ReadAction\",\"target\":[\"https:\/\/www.trailrun.be\/fr\/zonovergoten-editie-van-de-druivenmarathon\/\"]}]},{\"@type\":\"ImageObject\",\"inLanguage\":\"fr-FR\",\"@id\":\"https:\/\/www.trailrun.be\/fr\/zonovergoten-editie-van-de-druivenmarathon\/#primaryimage\",\"url\":\"https:\/\/www.trailrun.be\/wp-content\/uploads\/2026\/03\/SE_DruivenMarathon2026-15-scaled.jpg\",\"contentUrl\":\"https:\/\/www.trailrun.be\/wp-content\/uploads\/2026\/03\/SE_DruivenMarathon2026-15-scaled.jpg\",\"width\":2560,\"height\":2048},{\"@type\":\"BreadcrumbList\",\"@id\":\"https:\/\/www.trailrun.be\/fr\/zonovergoten-editie-van-de-druivenmarathon\/#breadcrumb\",\"itemListElement\":[{\"@type\":\"ListItem\",\"position\":1,\"name\":\"Home\",\"item\":\"https:\/\/www.trailrun.be\/fr\/\"},{\"@type\":\"ListItem\",\"position\":2,\"name\":\"\u00c9dition ensoleill\u00e9e du Druivenmarathon\"}]},{\"@type\":\"WebSite\",\"@id\":\"https:\/\/www.trailrun.be\/#website\",\"url\":\"https:\/\/www.trailrun.be\/\",\"name\":\"trailrun.be\",\"description\":\"trailrunning kalender\",\"publisher\":{\"@id\":\"https:\/\/www.trailrun.be\/#organization\"},\"potentialAction\":[{\"@type\":\"SearchAction\",\"target\":{\"@type\":\"EntryPoint\",\"urlTemplate\":\"https:\/\/www.trailrun.be\/?s={search_term_string}\"},\"query-input\":{\"@type\":\"PropertyValueSpecification\",\"valueRequired\":true,\"valueName\":\"search_term_string\"}}],\"inLanguage\":\"fr-FR\"},{\"@type\":\"Organization\",\"@id\":\"https:\/\/www.trailrun.be\/#organization\",\"name\":\"trailrun.be\",\"url\":\"https:\/\/www.trailrun.be\/\",\"logo\":{\"@type\":\"ImageObject\",\"inLanguage\":\"fr-FR\",\"@id\":\"https:\/\/www.trailrun.be\/#\/schema\/logo\/image\/\",\"url\":\"https:\/\/www.trailrun.be\/wp-content\/uploads\/2023\/10\/Schermafbeelding-2023-10-13-om-09.20.27.png\",\"contentUrl\":\"https:\/\/www.trailrun.be\/wp-content\/uploads\/2023\/10\/Schermafbeelding-2023-10-13-om-09.20.27.png\",\"width\":470,\"height\":172,\"caption\":\"trailrun.be\"},\"image\":{\"@id\":\"https:\/\/www.trailrun.be\/#\/schema\/logo\/image\/\"},\"sameAs\":[\"https:\/\/www.facebook.com\/trailrun.be\"]},{\"@type\":\"Person\",\"@id\":\"https:\/\/www.trailrun.be\/#\/schema\/person\/0aeb508235360fcee0ea9312ab2d36e4\",\"name\":\"Admin\",\"image\":{\"@type\":\"ImageObject\",\"inLanguage\":\"fr-FR\",\"@id\":\"https:\/\/secure.gravatar.com\/avatar\/d6e198377552051ee69f412b811ecfdc4726d1155c0be67e8c4e427cce8ad00e?s=96&d=mm&r=g\",\"url\":\"https:\/\/secure.gravatar.com\/avatar\/d6e198377552051ee69f412b811ecfdc4726d1155c0be67e8c4e427cce8ad00e?s=96&d=mm&r=g\",\"contentUrl\":\"https:\/\/secure.gravatar.com\/avatar\/d6e198377552051ee69f412b811ecfdc4726d1155c0be67e8c4e427cce8ad00e?s=96&d=mm&r=g\",\"caption\":\"Admin\"},\"sameAs\":[\"https:\/\/www.trailrun.be\"],\"url\":\"https:\/\/www.trailrun.be\/fr\/author\/admin\/\"}]}<\/script>\n<!-- \/ Yoast SEO plugin. -->","yoast_head_json":{"title":"\u00c9dition ensoleill\u00e9e du Druivenmarathon","robots":{"index":"index","follow":"follow","max-snippet":"max-snippet:-1","max-image-preview":"max-image-preview:large","max-video-preview":"max-video-preview:-1"},"canonical":"https:\/\/www.trailrun.be\/fr\/zonovergoten-editie-van-de-druivenmarathon\/","og_locale":"fr_FR","og_type":"article","og_title":"\u00c9dition ensoleill\u00e9e du Druivenmarathon","og_description":"Sous un soleil radieux, le Druivenmarathon a offert aux participants un trail surprenant \u00e0 travers la magnifique Druivenstreek. Le parcours tr\u00e8s vari\u00e9 a apport\u00e9 son lot de d\u00e9fis et de superbes panoramas. Avec Huldenberg comme lieu de d\u00e9part et d\u2019arriv\u00e9e plein d\u2019ambiance. Une tr\u00e8s belle \u00e9dition ! D\u00e9couvrez ici les plus belles photos ! \ud83d\udcf8 [&hellip;]","og_url":"https:\/\/www.trailrun.be\/fr\/zonovergoten-editie-van-de-druivenmarathon\/","og_site_name":"trailrun.be kalender - running - trailrunning - trailrun","article_publisher":"https:\/\/www.facebook.com\/trailrun.be","article_published_time":"2026-03-02T11:03:27+00:00","article_modified_time":"2026-03-03T15:01:55+00:00","og_image":[{"width":2560,"height":2048,"url":"https:\/\/www.trailrun.be\/wp-content\/uploads\/2026\/03\/SE_DruivenMarathon2026-15-scaled.jpg","type":"image\/jpeg"}],"author":"Admin","twitter_card":"summary_large_image","twitter_misc":{"\u00c9crit par":"Admin","Dur\u00e9e de lecture estim\u00e9e":"1 minute"},"schema":{"@context":"https:\/\/schema.org","@graph":[{"@type":"Article","@id":"https:\/\/www.trailrun.be\/fr\/zonovergoten-editie-van-de-druivenmarathon\/#article","isPartOf":{"@id":"https:\/\/www.trailrun.be\/fr\/zonovergoten-editie-van-de-druivenmarathon\/"},"author":{"name":"Admin","@id":"https:\/\/www.trailrun.be\/#\/schema\/person\/0aeb508235360fcee0ea9312ab2d36e4"},"headline":"\u00c9dition ensoleill\u00e9e du Druivenmarathon","datePublished":"2026-03-02T11:03:27+00:00","dateModified":"2026-03-03T15:01:55+00:00","mainEntityOfPage":{"@id":"https:\/\/www.trailrun.be\/fr\/zonovergoten-editie-van-de-druivenmarathon\/"},"wordCount":115,"commentCount":0,"publisher":{"@id":"https:\/\/www.trailrun.be\/#organization"},"image":{"@id":"https:\/\/www.trailrun.be\/fr\/zonovergoten-editie-van-de-druivenmarathon\/#primaryimage"},"thumbnailUrl":"https:\/\/www.trailrun.be\/wp-content\/uploads\/2026\/03\/SE_DruivenMarathon2026-15-scaled.jpg","articleSection":["Albums Photos"],"inLanguage":"fr-FR","potentialAction":[{"@type":"CommentAction","name":"Comment","target":["https:\/\/www.trailrun.be\/fr\/zonovergoten-editie-van-de-druivenmarathon\/#respond"]}]},{"@type":"WebPage","@id":"https:\/\/www.trailrun.be\/fr\/zonovergoten-editie-van-de-druivenmarathon\/","url":"https:\/\/www.trailrun.be\/fr\/zonovergoten-editie-van-de-druivenmarathon\/","name":"\u00c9dition ensoleill\u00e9e du Druivenmarathon","isPartOf":{"@id":"https:\/\/www.trailrun.be\/#website"},"primaryImageOfPage":{"@id":"https:\/\/www.trailrun.be\/fr\/zonovergoten-editie-van-de-druivenmarathon\/#primaryimage"},"image":{"@id":"https:\/\/www.trailrun.be\/fr\/zonovergoten-editie-van-de-druivenmarathon\/#primaryimage"},"thumbnailUrl":"https:\/\/www.trailrun.be\/wp-content\/uploads\/2026\/03\/SE_DruivenMarathon2026-15-scaled.jpg","datePublished":"2026-03-02T11:03:27+00:00","dateModified":"2026-03-03T15:01:55+00:00","breadcrumb":{"@id":"https:\/\/www.trailrun.be\/fr\/zonovergoten-editie-van-de-druivenmarathon\/#breadcrumb"},"inLanguage":"fr-FR","potentialAction":[{"@type":"ReadAction","target":["https:\/\/www.trailrun.be\/fr\/zonovergoten-editie-van-de-druivenmarathon\/"]}]},{"@type":"ImageObject","inLanguage":"fr-FR","@id":"https:\/\/www.trailrun.be\/fr\/zonovergoten-editie-van-de-druivenmarathon\/#primaryimage","url":"https:\/\/www.trailrun.be\/wp-content\/uploads\/2026\/03\/SE_DruivenMarathon2026-15-scaled.jpg","contentUrl":"https:\/\/www.trailrun.be\/wp-content\/uploads\/2026\/03\/SE_DruivenMarathon2026-15-scaled.jpg","width":2560,"height":2048},{"@type":"BreadcrumbList","@id":"https:\/\/www.trailrun.be\/fr\/zonovergoten-editie-van-de-druivenmarathon\/#breadcrumb","itemListElement":[{"@type":"ListItem","position":1,"name":"Home","item":"https:\/\/www.trailrun.be\/fr\/"},{"@type":"ListItem","position":2,"name":"\u00c9dition ensoleill\u00e9e du Druivenmarathon"}]},{"@type":"WebSite","@id":"https:\/\/www.trailrun.be\/#website","url":"https:\/\/www.trailrun.be\/","name":"trailrun.be","description":"trailrunning kalender","publisher":{"@id":"https:\/\/www.trailrun.be\/#organization"},"potentialAction":[{"@type":"SearchAction","target":{"@type":"EntryPoint","urlTemplate":"https:\/\/www.trailrun.be\/?s={search_term_string}"},"query-input":{"@type":"PropertyValueSpecification","valueRequired":true,"valueName":"search_term_string"}}],"inLanguage":"fr-FR"},{"@type":"Organization","@id":"https:\/\/www.trailrun.be\/#organization","name":"trailrun.be","url":"https:\/\/www.trailrun.be\/","logo":{"@type":"ImageObject","inLanguage":"fr-FR","@id":"https:\/\/www.trailrun.be\/#\/schema\/logo\/image\/","url":"https:\/\/www.trailrun.be\/wp-content\/uploads\/2023\/10\/Schermafbeelding-2023-10-13-om-09.20.27.png","contentUrl":"https:\/\/www.trailrun.be\/wp-content\/uploads\/2023\/10\/Schermafbeelding-2023-10-13-om-09.20.27.png","width":470,"height":172,"caption":"trailrun.be"},"image":{"@id":"https:\/\/www.trailrun.be\/#\/schema\/logo\/image\/"},"sameAs":["https:\/\/www.facebook.com\/trailrun.be"]},{"@type":"Person","@id":"https:\/\/www.trailrun.be\/#\/schema\/person\/0aeb508235360fcee0ea9312ab2d36e4","name":"Admin","image":{"@type":"ImageObject","inLanguage":"fr-FR","@id":"https:\/\/secure.gravatar.com\/avatar\/d6e198377552051ee69f412b811ecfdc4726d1155c0be67e8c4e427cce8ad00e?s=96&d=mm&r=g","url":"https:\/\/secure.gravatar.com\/avatar\/d6e198377552051ee69f412b811ecfdc4726d1155c0be67e8c4e427cce8ad00e?s=96&d=mm&r=g","contentUrl":"https:\/\/secure.gravatar.com\/avatar\/d6e198377552051ee69f412b811ecfdc4726d1155c0be67e8c4e427cce8ad00e?s=96&d=mm&r=g","caption":"Admin"},"sameAs":["https:\/\/www.trailrun.be"],"url":"https:\/\/www.trailrun.be\/fr\/author\/admin\/"}]}},"_links":{"self":[{"href":"https:\/\/www.trailrun.be\/fr\/wp-json\/wp\/v2\/posts\/26771","targetHints":{"allow":["GET"]}}],"collection":[{"href":"https:\/\/www.trailrun.be\/fr\/wp-json\/wp\/v2\/posts"}],"about":[{"href":"https:\/\/www.trailrun.be\/fr\/wp-json\/wp\/v2\/types\/post"}],"author":[{"embeddable":true,"href":"https:\/\/www.trailrun.be\/fr\/wp-json\/wp\/v2\/users\/1"}],"replies":[{"embeddable":true,"href":"https:\/\/www.trailrun.be\/fr\/wp-json\/wp\/v2\/comments?post=26771"}],"version-history":[{"count":1,"href":"https:\/\/www.trailrun.be\/fr\/wp-json\/wp\/v2\/posts\/26771\/revisions"}],"predecessor-version":[{"id":26773,"href":"https:\/\/www.trailrun.be\/fr\/wp-json\/wp\/v2\/posts\/26771\/revisions\/26773"}],"wp:featuredmedia":[{"embeddable":true,"href":"https:\/\/www.trailrun.be\/fr\/wp-json\/wp\/v2\/media\/26590"}],"wp:attachment":[{"href":"https:\/\/www.trailrun.be\/fr\/wp-json\/wp\/v2\/media?parent=26771"}],"wp:term":[{"taxonomy":"category","embeddable":true,"href":"https:\/\/www.trailrun.be\/fr\/wp-json\/wp\/v2\/categories?post=26771"},{"taxonomy":"post_tag","embeddable":true,"href":"https:\/\/www.trailrun.be\/fr\/wp-json\/wp\/v2\/tags?post=26771"}],"curies":[{"name":"wp","href":"https:\/\/api.w.org\/{rel}","templated":true}]}}